{"id":475,"date":"2022-06-15T10:28:37","date_gmt":"2022-06-15T10:28:37","guid":{"rendered":"https:\/\/www.yoga-ac.eu\/?p=475"},"modified":"2022-09-01T10:32:25","modified_gmt":"2022-09-01T10:32:25","slug":"joga-zdarma-v-ceskych-budejovicich-cvicte-jogu-s-nami-2022","status":"publish","type":"post","link":"https:\/\/www.yoga-ac.eu\/cs\/joga-zdarma-v-ceskych-budejovicich-cvicte-jogu-s-nami-2022\/","title":{"rendered":"J\u00f3ga zdarma v \u010cesk\u00fdch Bud\u011bjovic\u00edch \u2013 Cvi\u010dte j\u00f3gu s n\u00e1mi 2022"},"content":{"rendered":"<div class=\"fusion-fullwidth fullwidth-box fusion-builder-row-1 nonhundred-percent-fullwidth non-hundred-percent-height-scrolling\"  style='background-color: rgba(255,255,255,0);background-position: center center;background-repeat: no-repeat;padding-top:0px;padding-right:0px;padding-bottom:0px;padding-left:0px;'><div class=\"fusion-builder-row fusion-row \"><div  class=\"fusion-layout-column fusion_builder_column fusion_builder_column_3_4 fusion-builder-column-0 fusion-three-fourth fusion-column-first 3_4\"  style='margin-top:0px;margin-bottom:20px;width:75%;width:calc(75% - ( ( 4% ) * 0.75 ) );margin-right: 4%;'><div class=\"fusion-column-wrapper\" style=\"padding: 0px 0px 0px 0px;background-position:left top;background-repeat:no-repeat;-webkit-background-size:cover;-moz-background-size:cover;-o-background-size:cover;background-size:cover;\"   data-bg-url=\"\"><div class=\"fusion-text\"><p>V r\u00e1mci projektu \u201eCvi\u010dte j\u00f3gu s n\u00e1mi v \u010cesk\u00fdch Bud\u011bjovic\u00edch\u201c, instrukto\u0159i International Yoga Academy &amp; Yoga Federation of Europe (Evropsk\u00e1 federace j\u00f3gy) i letos budou pro v\u0161echny ob\u010dany v \u010cesk\u00fdch Bud\u011bjovic\u00edch poskytovat lekce j\u00f3gy zdarma.<\/p>\n<div class=\"fusion-text\">\n<div>Lekce j\u00f3gy budou prob\u00edh\u00e1t v parku Stromovka od 19. 6. do 28. 8. 2022 o v\u00edkendu, ka\u017edou ned\u011bli od 18 hodin v okol\u00ed nov\u00e9ho ob\u010derstven\u00ed ve Stromovce.<\/div>\n<div>M\u00edsto setk\u00e1n\u00ed s lektorkou: \u010cesk\u00e9 Bud\u011bjovice, Park Stromovka, u nov\u00e9ho ob\u010derstven\u00ed ve Stromovce, severn\u00ed vstup do Stromovky<\/div>\n<div><\/div>\n<\/div>\n<div>\n<div>\n<div class=\"fusion-text\">\n<div>\n<div>Ve\u0159ejn\u00e9 lekce j\u00f3gy budou prob\u00edhat podle\u00a0<a href=\"https:\/\/yoga-federation.eu\/cz\/vzdelavaci-program-instruktor-jogy-zapis-probyha\/\" target=\"_blank\" rel=\"noopener noreferrer\" data-saferedirecturl=\"https:\/\/www.google.com\/url?hl=en&amp;q=https:\/\/yoga-federation.eu\/cz\/vzdelavaci-program-instruktor-jogy-zapis-probyha\/&amp;source=gmail&amp;ust=1525385918162000&amp;usg=AFQjCNGJuA3VFhdP0PUQAB21DtHyIFgpRw\">akreditovan\u00e9ho programu Evropsk\u00e9 federace j\u00f3gy<\/a>\u00a0a budou vedeny certifikov\u00e1n\u00fdmi instruktory s dlouholet\u00fdmi zku\u0161enostmi.<\/div>\n<\/div>\n<\/div>\n<\/div>\n<div><\/div>\n<div>\n<div class=\"fusion-text\">\n<div class=\"fusion-text\">\n<div>\n<div>Z\u00e1jemci by m\u011bli m\u00edt pohodln\u00e9 oble\u010den\u00ed, vodu a p\u0159in\u00e9st si podlo\u017eku na cvi\u010den\u00ed.<\/div>\n<div><\/div>\n<div>V p\u0159\u00edpad\u011b nep\u0159\u00edzniv\u00e9ho po\u010das\u00ed se lekce j\u00f3gy nebude konat.<\/div>\n<div><\/div>\n<\/div>\n<\/div>\n<div>\n<div>Tento projekt je spolufinancov\u00e1n Statut\u00e1rn\u00edm m\u011bstem \u010cesk\u00e9 Bud\u011bjovice.<\/div>\n<div><\/div>\n<div><\/div>\n<div><a href=\"https:\/\/yoga-federation.eu\/wp-content\/uploads\/2020\/06\/%C4%8CB-LOGO.jpg\" data-caption=\"\"><img loading=\"lazy\" decoding=\"async\" class=\"wp-image-5200 size-200 aligncenter\" src=\"https:\/\/yoga-federation.eu\/wp-content\/uploads\/2020\/06\/%C4%8CB-LOGO-200x131.jpg\" alt=\"\" width=\"200\" height=\"131\" \/><\/a><\/div>\n<div><\/div>\n<\/div>\n<\/div>\n<div>\n<div>\n<p>Lekce j\u00f3gy budou prob\u00edhat v souladu s aktualn\u00edm vl\u00e1dn\u00edm opat\u0159en\u00edm.<\/p>\n<p>Pro ve\u0161ker\u00e9 dal\u0161\u00ed informace n\u00e1s kontaktujte na e-mail:\u00a0<a href=\"mailto:yoga.yfe@gmail.com\" target=\"_blank\" rel=\"noopener noreferrer\">yoga.yfe@gmail.com<\/a><\/p>\n<\/div>\n<div style=\"text-align: center;\">\n<div>\n<div>Vstup na akci je<strong>\u00a0zdarma<\/strong>!\u00a0P\u0159ipojte se!<\/div>\n<\/div>\n<div style=\"text-align: center;\"><\/div>\n<p><a class=\"fusion-no-lightbox\" href=\"https:\/\/www.kudyznudy.cz\/\" target=\"_blank\" rel=\"noopener noreferrer\">\u00a0<\/a><\/p>\n<\/div>\n<\/div>\n<\/div>\n<\/div>\n<\/div><div class=\"fusion-clearfix\"><\/div><\/div><\/div><div  class=\"fusion-layout-column fusion_builder_column fusion_builder_column_1_4 fusion-builder-column-1 fusion-one-fourth fusion-column-last 1_4\"  style='margin-top:0px;margin-bottom:20px;width:25%;width:calc(25% - ( ( 4% ) * 0.25 ) );'><div class=\"fusion-column-wrapper\" style=\"padding: 0px 0px 0px 0px;background-position:left top;background-repeat:no-repeat;-webkit-background-size:cover;-moz-background-size:cover;-o-background-size:cover;background-size:cover;\"   data-bg-url=\"\"><div class=\"fusion-text\"><p><img loading=\"lazy\" decoding=\"async\" class=\"aligncenter wp-image-476 size-fusion-400\" src=\"https:\/\/www.yoga-ac.eu\/wp-content\/uploads\/2022\/06\/CVI\u010cTE-JOGU-S-NAMI-\u010cB-2022-400x941.jpg\" alt=\"Cvicte jogu s nami v Ceskych Budejovicich\" width=\"400\" height=\"941\" srcset=\"https:\/\/www.yoga-ac.eu\/wp-content\/uploads\/2022\/06\/CVI\u010cTE-JOGU-S-NAMI-\u010cB-2022-127x300.jpg 127w, https:\/\/www.yoga-ac.eu\/wp-content\/uploads\/2022\/06\/CVI\u010cTE-JOGU-S-NAMI-\u010cB-2022-200x471.jpg 200w, https:\/\/www.yoga-ac.eu\/wp-content\/uploads\/2022\/06\/CVI\u010cTE-JOGU-S-NAMI-\u010cB-2022-400x941.jpg 400w, https:\/\/www.yoga-ac.eu\/wp-content\/uploads\/2022\/06\/CVI\u010cTE-JOGU-S-NAMI-\u010cB-2022-435x1024.jpg 435w, https:\/\/www.yoga-ac.eu\/wp-content\/uploads\/2022\/06\/CVI\u010cTE-JOGU-S-NAMI-\u010cB-2022-600x1412.jpg 600w, https:\/\/www.yoga-ac.eu\/wp-content\/uploads\/2022\/06\/CVI\u010cTE-JOGU-S-NAMI-\u010cB-2022-653x1536.jpg 653w, https:\/\/www.yoga-ac.eu\/wp-content\/uploads\/2022\/06\/CVI\u010cTE-JOGU-S-NAMI-\u010cB-2022-768x1807.jpg 768w, https:\/\/www.yoga-ac.eu\/wp-content\/uploads\/2022\/06\/CVI\u010cTE-JOGU-S-NAMI-\u010cB-2022-800x1883.jpg 800w, https:\/\/www.yoga-ac.eu\/wp-content\/uploads\/2022\/06\/CVI\u010cTE-JOGU-S-NAMI-\u010cB-2022-870x2048.jpg 870w, https:\/\/www.yoga-ac.eu\/wp-content\/uploads\/2022\/06\/CVI\u010cTE-JOGU-S-NAMI-\u010cB-2022-scaled.jpg 1088w, https:\/\/www.yoga-ac.eu\/wp-content\/uploads\/2022\/06\/CVI\u010cTE-JOGU-S-NAMI-\u010cB-2022-1200x2824.jpg 1200w\" sizes=\"auto, (max-width: 400px) 100vw, 400px\" \/><\/p>\n<\/div><div class=\"fusion-clearfix\"><\/div><\/div><\/div><\/div><\/div><style type=\"text\/css\">.fusion-fullwidth.fusion-builder-row-1 a:not(.fusion-button):not(.fusion-builder-module-control):not(.fusion-social-network-icon):not(.fb-icon-element):not(.fusion-countdown-link):not(.fusion-rollover-link):not(.fusion-rollover-gallery):not(.fusion-button-bar):not(.add_to_cart_button):not(.show_details_button):not(.product_type_external):not(.fusion-quick-view):not(.fusion-rollover-title-link):not(.fusion-breadcrumb-link) , .fusion-fullwidth.fusion-builder-row-1 a:not(.fusion-button):not(.fusion-builder-module-control):not(.fusion-social-network-icon):not(.fb-icon-element):not(.fusion-countdown-link):not(.fusion-rollover-link):not(.fusion-rollover-gallery):not(.fusion-button-bar):not(.add_to_cart_button):not(.show_details_button):not(.product_type_external):not(.fusion-quick-view):not(.fusion-rollover-title-link):not(.fusion-breadcrumb-link):before, .fusion-fullwidth.fusion-builder-row-1 a:not(.fusion-button):not(.fusion-builder-module-control):not(.fusion-social-network-icon):not(.fb-icon-element):not(.fusion-countdown-link):not(.fusion-rollover-link):not(.fusion-rollover-gallery):not(.fusion-button-bar):not(.add_to_cart_button):not(.show_details_button):not(.product_type_external):not(.fusion-quick-view):not(.fusion-rollover-title-link):not(.fusion-breadcrumb-link):after {color: #2901ba;}.fusion-fullwidth.fusion-builder-row-1 a:not(.fusion-button):not(.fusion-builder-module-control):not(.fusion-social-network-icon):not(.fb-icon-element):not(.fusion-countdown-link):not(.fusion-rollover-link):not(.fusion-rollover-gallery):not(.fusion-button-bar):not(.add_to_cart_button):not(.show_details_button):not(.product_type_external):not(.fusion-quick-view):not(.fusion-rollover-title-link):not(.fusion-breadcrumb-link):hover, .fusion-fullwidth.fusion-builder-row-1 a:not(.fusion-button):not(.fusion-builder-module-control):not(.fusion-social-network-icon):not(.fb-icon-element):not(.fusion-countdown-link):not(.fusion-rollover-link):not(.fusion-rollover-gallery):not(.fusion-button-bar):not(.add_to_cart_button):not(.show_details_button):not(.product_type_external):not(.fusion-quick-view):not(.fusion-rollover-title-link):not(.fusion-breadcrumb-link):hover:before, .fusion-fullwidth.fusion-builder-row-1 a:not(.fusion-button):not(.fusion-builder-module-control):not(.fusion-social-network-icon):not(.fb-icon-element):not(.fusion-countdown-link):not(.fusion-rollover-link):not(.fusion-rollover-gallery):not(.fusion-button-bar):not(.add_to_cart_button):not(.show_details_button):not(.product_type_external):not(.fusion-quick-view):not(.fusion-rollover-title-link):not(.fusion-breadcrumb-link):hover:after {color: #72188f;}.fusion-fullwidth.fusion-builder-row-1 .pagination a.inactive:hover, .fusion-fullwidth.fusion-builder-row-1 .fusion-filters .fusion-filter.fusion-active a {border-color: #72188f;}.fusion-fullwidth.fusion-builder-row-1 .pagination .current {border-color: #72188f; background-color: #72188f;}.fusion-fullwidth.fusion-builder-row-1 .fusion-filters .fusion-filter.fusion-active a, .fusion-fullwidth.fusion-builder-row-1 .fusion-date-and-formats .fusion-format-box, .fusion-fullwidth.fusion-builder-row-1 .fusion-popover, .fusion-fullwidth.fusion-builder-row-1 .tooltip-shortcode {color: #72188f;}#main .fusion-fullwidth.fusion-builder-row-1 .post .blog-shortcode-post-title a:hover {color: #72188f;}<\/style>\n","protected":false},"excerpt":{"rendered":"","protected":false},"author":1,"featured_media":476,"comment_status":"open","ping_status":"open","sticky":false,"template":"","format":"standard","meta":{"footnotes":""},"categories":[12],"tags":[],"class_list":["post-475","post","type-post","status-publish","format-standard","has-post-thumbnail","hentry","category-lekce-jogy-zdarma"],"yoast_head":"<!-- This site is optimized with the Yoast SEO plugin v27.4 - https:\/\/yoast.com\/product\/yoast-seo-wordpress\/ -->\n<title>J\u00f3ga zdarma v \u010cesk\u00fdch Bud\u011bjovic\u00edch \u2013 Cvi\u010dte j\u00f3gu s n\u00e1mi 2022 - yoga-ac.eu<\/title>\n<meta name=\"robots\" content=\"index, follow, max-snippet:-1, max-image-preview:large, max-video-preview:-1\" \/>\n<link rel=\"canonical\" href=\"https:\/\/www.yoga-ac.eu\/cs\/joga-zdarma-v-ceskych-budejovicich-cvicte-jogu-s-nami-2022\/\" \/>\n<meta property=\"og:locale\" content=\"cs_CZ\" \/>\n<meta property=\"og:type\" content=\"article\" \/>\n<meta property=\"og:title\" content=\"J\u00f3ga zdarma v \u010cesk\u00fdch Bud\u011bjovic\u00edch \u2013 Cvi\u010dte j\u00f3gu s n\u00e1mi 2022 - yoga-ac.eu\" \/>\n<meta property=\"og:url\" content=\"https:\/\/www.yoga-ac.eu\/cs\/joga-zdarma-v-ceskych-budejovicich-cvicte-jogu-s-nami-2022\/\" \/>\n<meta property=\"og:site_name\" content=\"yoga-ac.eu\" \/>\n<meta property=\"article:published_time\" content=\"2022-06-15T10:28:37+00:00\" \/>\n<meta property=\"article:modified_time\" content=\"2022-09-01T10:32:25+00:00\" \/>\n<meta property=\"og:image\" content=\"https:\/\/www.yoga-ac.eu\/wp-content\/uploads\/2022\/06\/CVI\u010cTE-JOGU-S-NAMI-\u010cB-2022-scaled.jpg\" \/>\n\t<meta property=\"og:image:width\" content=\"1088\" \/>\n\t<meta property=\"og:image:height\" content=\"2560\" \/>\n\t<meta property=\"og:image:type\" content=\"image\/jpeg\" \/>\n<meta name=\"author\" content=\"yogaaceu\" \/>\n<meta name=\"twitter:card\" content=\"summary_large_image\" \/>\n<meta name=\"twitter:label1\" content=\"Napsal(a)\" \/>\n\t<meta name=\"twitter:data1\" content=\"yogaaceu\" \/>\n\t<meta name=\"twitter:label2\" content=\"Odhadovan\u00e1 doba \u010dten\u00ed\" \/>\n\t<meta name=\"twitter:data2\" content=\"4 minuty\" \/>\n<script type=\"application\/ld+json\" class=\"yoast-schema-graph\">{\"@context\":\"https:\\\/\\\/schema.org\",\"@graph\":[{\"@type\":\"Article\",\"@id\":\"https:\\\/\\\/www.yoga-ac.eu\\\/cs\\\/joga-zdarma-v-ceskych-budejovicich-cvicte-jogu-s-nami-2022\\\/#article\",\"isPartOf\":{\"@id\":\"https:\\\/\\\/www.yoga-ac.eu\\\/cs\\\/joga-zdarma-v-ceskych-budejovicich-cvicte-jogu-s-nami-2022\\\/\"},\"author\":{\"name\":\"yogaaceu\",\"@id\":\"https:\\\/\\\/www.yoga-ac.eu\\\/#\\\/schema\\\/person\\\/0218a3c367fb2a12627bfdee0dc88402\"},\"headline\":\"J\u00f3ga zdarma v \u010cesk\u00fdch Bud\u011bjovic\u00edch \u2013 Cvi\u010dte j\u00f3gu s n\u00e1mi 2022\",\"datePublished\":\"2022-06-15T10:28:37+00:00\",\"dateModified\":\"2022-09-01T10:32:25+00:00\",\"mainEntityOfPage\":{\"@id\":\"https:\\\/\\\/www.yoga-ac.eu\\\/cs\\\/joga-zdarma-v-ceskych-budejovicich-cvicte-jogu-s-nami-2022\\\/\"},\"wordCount\":810,\"commentCount\":0,\"image\":{\"@id\":\"https:\\\/\\\/www.yoga-ac.eu\\\/cs\\\/joga-zdarma-v-ceskych-budejovicich-cvicte-jogu-s-nami-2022\\\/#primaryimage\"},\"thumbnailUrl\":\"https:\\\/\\\/www.yoga-ac.eu\\\/wp-content\\\/uploads\\\/2022\\\/06\\\/CVI\u010cTE-JOGU-S-NAMI-\u010cB-2022-scaled.jpg\",\"articleSection\":[\"Lekce j\u00f3gy zdarma\"],\"inLanguage\":\"cs\",\"potentialAction\":[{\"@type\":\"CommentAction\",\"name\":\"Comment\",\"target\":[\"https:\\\/\\\/www.yoga-ac.eu\\\/cs\\\/joga-zdarma-v-ceskych-budejovicich-cvicte-jogu-s-nami-2022\\\/#respond\"]}]},{\"@type\":\"WebPage\",\"@id\":\"https:\\\/\\\/www.yoga-ac.eu\\\/cs\\\/joga-zdarma-v-ceskych-budejovicich-cvicte-jogu-s-nami-2022\\\/\",\"url\":\"https:\\\/\\\/www.yoga-ac.eu\\\/cs\\\/joga-zdarma-v-ceskych-budejovicich-cvicte-jogu-s-nami-2022\\\/\",\"name\":\"J\u00f3ga zdarma v \u010cesk\u00fdch Bud\u011bjovic\u00edch \u2013 Cvi\u010dte j\u00f3gu s n\u00e1mi 2022 - yoga-ac.eu\",\"isPartOf\":{\"@id\":\"https:\\\/\\\/www.yoga-ac.eu\\\/#website\"},\"primaryImageOfPage\":{\"@id\":\"https:\\\/\\\/www.yoga-ac.eu\\\/cs\\\/joga-zdarma-v-ceskych-budejovicich-cvicte-jogu-s-nami-2022\\\/#primaryimage\"},\"image\":{\"@id\":\"https:\\\/\\\/www.yoga-ac.eu\\\/cs\\\/joga-zdarma-v-ceskych-budejovicich-cvicte-jogu-s-nami-2022\\\/#primaryimage\"},\"thumbnailUrl\":\"https:\\\/\\\/www.yoga-ac.eu\\\/wp-content\\\/uploads\\\/2022\\\/06\\\/CVI\u010cTE-JOGU-S-NAMI-\u010cB-2022-scaled.jpg\",\"datePublished\":\"2022-06-15T10:28:37+00:00\",\"dateModified\":\"2022-09-01T10:32:25+00:00\",\"author\":{\"@id\":\"https:\\\/\\\/www.yoga-ac.eu\\\/#\\\/schema\\\/person\\\/0218a3c367fb2a12627bfdee0dc88402\"},\"breadcrumb\":{\"@id\":\"https:\\\/\\\/www.yoga-ac.eu\\\/cs\\\/joga-zdarma-v-ceskych-budejovicich-cvicte-jogu-s-nami-2022\\\/#breadcrumb\"},\"inLanguage\":\"cs\",\"potentialAction\":[{\"@type\":\"ReadAction\",\"target\":[\"https:\\\/\\\/www.yoga-ac.eu\\\/cs\\\/joga-zdarma-v-ceskych-budejovicich-cvicte-jogu-s-nami-2022\\\/\"]}]},{\"@type\":\"ImageObject\",\"inLanguage\":\"cs\",\"@id\":\"https:\\\/\\\/www.yoga-ac.eu\\\/cs\\\/joga-zdarma-v-ceskych-budejovicich-cvicte-jogu-s-nami-2022\\\/#primaryimage\",\"url\":\"https:\\\/\\\/www.yoga-ac.eu\\\/wp-content\\\/uploads\\\/2022\\\/06\\\/CVI\u010cTE-JOGU-S-NAMI-\u010cB-2022-scaled.jpg\",\"contentUrl\":\"https:\\\/\\\/www.yoga-ac.eu\\\/wp-content\\\/uploads\\\/2022\\\/06\\\/CVI\u010cTE-JOGU-S-NAMI-\u010cB-2022-scaled.jpg\",\"width\":1088,\"height\":2560,\"caption\":\"Cvicte jogu s nami v Ceskych Budejovicich\"},{\"@type\":\"BreadcrumbList\",\"@id\":\"https:\\\/\\\/www.yoga-ac.eu\\\/cs\\\/joga-zdarma-v-ceskych-budejovicich-cvicte-jogu-s-nami-2022\\\/#breadcrumb\",\"itemListElement\":[{\"@type\":\"ListItem\",\"position\":1,\"name\":\"Home\",\"item\":\"https:\\\/\\\/www.yoga-ac.eu\\\/cs\\\/\"},{\"@type\":\"ListItem\",\"position\":2,\"name\":\"J\u00f3ga zdarma v \u010cesk\u00fdch Bud\u011bjovic\u00edch \u2013 Cvi\u010dte j\u00f3gu s n\u00e1mi 2022\"}]},{\"@type\":\"WebSite\",\"@id\":\"https:\\\/\\\/www.yoga-ac.eu\\\/#website\",\"url\":\"https:\\\/\\\/www.yoga-ac.eu\\\/\",\"name\":\"yoga-ac.eu\",\"description\":\"Yoga Teacher Training &amp; Yoga Retreats\",\"potentialAction\":[{\"@type\":\"SearchAction\",\"target\":{\"@type\":\"EntryPoint\",\"urlTemplate\":\"https:\\\/\\\/www.yoga-ac.eu\\\/?s={search_term_string}\"},\"query-input\":{\"@type\":\"PropertyValueSpecification\",\"valueRequired\":true,\"valueName\":\"search_term_string\"}}],\"inLanguage\":\"cs\"},{\"@type\":\"Person\",\"@id\":\"https:\\\/\\\/www.yoga-ac.eu\\\/#\\\/schema\\\/person\\\/0218a3c367fb2a12627bfdee0dc88402\",\"name\":\"yogaaceu\",\"image\":{\"@type\":\"ImageObject\",\"inLanguage\":\"cs\",\"@id\":\"https:\\\/\\\/secure.gravatar.com\\\/avatar\\\/4e4ffb214af039f2bfbefd387926d1c66657da92ce3a47d46690312facca576a?s=96&d=mm&r=g\",\"url\":\"https:\\\/\\\/secure.gravatar.com\\\/avatar\\\/4e4ffb214af039f2bfbefd387926d1c66657da92ce3a47d46690312facca576a?s=96&d=mm&r=g\",\"contentUrl\":\"https:\\\/\\\/secure.gravatar.com\\\/avatar\\\/4e4ffb214af039f2bfbefd387926d1c66657da92ce3a47d46690312facca576a?s=96&d=mm&r=g\",\"caption\":\"yogaaceu\"},\"url\":\"https:\\\/\\\/www.yoga-ac.eu\\\/cs\\\/author\\\/yogaaceu\\\/\"}]}<\/script>\n<!-- \/ Yoast SEO plugin. -->","yoast_head_json":{"title":"J\u00f3ga zdarma v \u010cesk\u00fdch Bud\u011bjovic\u00edch \u2013 Cvi\u010dte j\u00f3gu s n\u00e1mi 2022 - yoga-ac.eu","robots":{"index":"index","follow":"follow","max-snippet":"max-snippet:-1","max-image-preview":"max-image-preview:large","max-video-preview":"max-video-preview:-1"},"canonical":"https:\/\/www.yoga-ac.eu\/cs\/joga-zdarma-v-ceskych-budejovicich-cvicte-jogu-s-nami-2022\/","og_locale":"cs_CZ","og_type":"article","og_title":"J\u00f3ga zdarma v \u010cesk\u00fdch Bud\u011bjovic\u00edch \u2013 Cvi\u010dte j\u00f3gu s n\u00e1mi 2022 - yoga-ac.eu","og_url":"https:\/\/www.yoga-ac.eu\/cs\/joga-zdarma-v-ceskych-budejovicich-cvicte-jogu-s-nami-2022\/","og_site_name":"yoga-ac.eu","article_published_time":"2022-06-15T10:28:37+00:00","article_modified_time":"2022-09-01T10:32:25+00:00","og_image":[{"width":1088,"height":2560,"url":"https:\/\/www.yoga-ac.eu\/wp-content\/uploads\/2022\/06\/CVI\u010cTE-JOGU-S-NAMI-\u010cB-2022-scaled.jpg","type":"image\/jpeg"}],"author":"yogaaceu","twitter_card":"summary_large_image","twitter_misc":{"Napsal(a)":"yogaaceu","Odhadovan\u00e1 doba \u010dten\u00ed":"4 minuty"},"schema":{"@context":"https:\/\/schema.org","@graph":[{"@type":"Article","@id":"https:\/\/www.yoga-ac.eu\/cs\/joga-zdarma-v-ceskych-budejovicich-cvicte-jogu-s-nami-2022\/#article","isPartOf":{"@id":"https:\/\/www.yoga-ac.eu\/cs\/joga-zdarma-v-ceskych-budejovicich-cvicte-jogu-s-nami-2022\/"},"author":{"name":"yogaaceu","@id":"https:\/\/www.yoga-ac.eu\/#\/schema\/person\/0218a3c367fb2a12627bfdee0dc88402"},"headline":"J\u00f3ga zdarma v \u010cesk\u00fdch Bud\u011bjovic\u00edch \u2013 Cvi\u010dte j\u00f3gu s n\u00e1mi 2022","datePublished":"2022-06-15T10:28:37+00:00","dateModified":"2022-09-01T10:32:25+00:00","mainEntityOfPage":{"@id":"https:\/\/www.yoga-ac.eu\/cs\/joga-zdarma-v-ceskych-budejovicich-cvicte-jogu-s-nami-2022\/"},"wordCount":810,"commentCount":0,"image":{"@id":"https:\/\/www.yoga-ac.eu\/cs\/joga-zdarma-v-ceskych-budejovicich-cvicte-jogu-s-nami-2022\/#primaryimage"},"thumbnailUrl":"https:\/\/www.yoga-ac.eu\/wp-content\/uploads\/2022\/06\/CVI\u010cTE-JOGU-S-NAMI-\u010cB-2022-scaled.jpg","articleSection":["Lekce j\u00f3gy zdarma"],"inLanguage":"cs","potentialAction":[{"@type":"CommentAction","name":"Comment","target":["https:\/\/www.yoga-ac.eu\/cs\/joga-zdarma-v-ceskych-budejovicich-cvicte-jogu-s-nami-2022\/#respond"]}]},{"@type":"WebPage","@id":"https:\/\/www.yoga-ac.eu\/cs\/joga-zdarma-v-ceskych-budejovicich-cvicte-jogu-s-nami-2022\/","url":"https:\/\/www.yoga-ac.eu\/cs\/joga-zdarma-v-ceskych-budejovicich-cvicte-jogu-s-nami-2022\/","name":"J\u00f3ga zdarma v \u010cesk\u00fdch Bud\u011bjovic\u00edch \u2013 Cvi\u010dte j\u00f3gu s n\u00e1mi 2022 - yoga-ac.eu","isPartOf":{"@id":"https:\/\/www.yoga-ac.eu\/#website"},"primaryImageOfPage":{"@id":"https:\/\/www.yoga-ac.eu\/cs\/joga-zdarma-v-ceskych-budejovicich-cvicte-jogu-s-nami-2022\/#primaryimage"},"image":{"@id":"https:\/\/www.yoga-ac.eu\/cs\/joga-zdarma-v-ceskych-budejovicich-cvicte-jogu-s-nami-2022\/#primaryimage"},"thumbnailUrl":"https:\/\/www.yoga-ac.eu\/wp-content\/uploads\/2022\/06\/CVI\u010cTE-JOGU-S-NAMI-\u010cB-2022-scaled.jpg","datePublished":"2022-06-15T10:28:37+00:00","dateModified":"2022-09-01T10:32:25+00:00","author":{"@id":"https:\/\/www.yoga-ac.eu\/#\/schema\/person\/0218a3c367fb2a12627bfdee0dc88402"},"breadcrumb":{"@id":"https:\/\/www.yoga-ac.eu\/cs\/joga-zdarma-v-ceskych-budejovicich-cvicte-jogu-s-nami-2022\/#breadcrumb"},"inLanguage":"cs","potentialAction":[{"@type":"ReadAction","target":["https:\/\/www.yoga-ac.eu\/cs\/joga-zdarma-v-ceskych-budejovicich-cvicte-jogu-s-nami-2022\/"]}]},{"@type":"ImageObject","inLanguage":"cs","@id":"https:\/\/www.yoga-ac.eu\/cs\/joga-zdarma-v-ceskych-budejovicich-cvicte-jogu-s-nami-2022\/#primaryimage","url":"https:\/\/www.yoga-ac.eu\/wp-content\/uploads\/2022\/06\/CVI\u010cTE-JOGU-S-NAMI-\u010cB-2022-scaled.jpg","contentUrl":"https:\/\/www.yoga-ac.eu\/wp-content\/uploads\/2022\/06\/CVI\u010cTE-JOGU-S-NAMI-\u010cB-2022-scaled.jpg","width":1088,"height":2560,"caption":"Cvicte jogu s nami v Ceskych Budejovicich"},{"@type":"BreadcrumbList","@id":"https:\/\/www.yoga-ac.eu\/cs\/joga-zdarma-v-ceskych-budejovicich-cvicte-jogu-s-nami-2022\/#breadcrumb","itemListElement":[{"@type":"ListItem","position":1,"name":"Home","item":"https:\/\/www.yoga-ac.eu\/cs\/"},{"@type":"ListItem","position":2,"name":"J\u00f3ga zdarma v \u010cesk\u00fdch Bud\u011bjovic\u00edch \u2013 Cvi\u010dte j\u00f3gu s n\u00e1mi 2022"}]},{"@type":"WebSite","@id":"https:\/\/www.yoga-ac.eu\/#website","url":"https:\/\/www.yoga-ac.eu\/","name":"yoga-ac.eu","description":"Yoga Teacher Training &amp; Yoga Retreats","potentialAction":[{"@type":"SearchAction","target":{"@type":"EntryPoint","urlTemplate":"https:\/\/www.yoga-ac.eu\/?s={search_term_string}"},"query-input":{"@type":"PropertyValueSpecification","valueRequired":true,"valueName":"search_term_string"}}],"inLanguage":"cs"},{"@type":"Person","@id":"https:\/\/www.yoga-ac.eu\/#\/schema\/person\/0218a3c367fb2a12627bfdee0dc88402","name":"yogaaceu","image":{"@type":"ImageObject","inLanguage":"cs","@id":"https:\/\/secure.gravatar.com\/avatar\/4e4ffb214af039f2bfbefd387926d1c66657da92ce3a47d46690312facca576a?s=96&d=mm&r=g","url":"https:\/\/secure.gravatar.com\/avatar\/4e4ffb214af039f2bfbefd387926d1c66657da92ce3a47d46690312facca576a?s=96&d=mm&r=g","contentUrl":"https:\/\/secure.gravatar.com\/avatar\/4e4ffb214af039f2bfbefd387926d1c66657da92ce3a47d46690312facca576a?s=96&d=mm&r=g","caption":"yogaaceu"},"url":"https:\/\/www.yoga-ac.eu\/cs\/author\/yogaaceu\/"}]}},"_links":{"self":[{"href":"https:\/\/www.yoga-ac.eu\/cs\/wp-json\/wp\/v2\/posts\/475","targetHints":{"allow":["GET"]}}],"collection":[{"href":"https:\/\/www.yoga-ac.eu\/cs\/wp-json\/wp\/v2\/posts"}],"about":[{"href":"https:\/\/www.yoga-ac.eu\/cs\/wp-json\/wp\/v2\/types\/post"}],"author":[{"embeddable":true,"href":"https:\/\/www.yoga-ac.eu\/cs\/wp-json\/wp\/v2\/users\/1"}],"replies":[{"embeddable":true,"href":"https:\/\/www.yoga-ac.eu\/cs\/wp-json\/wp\/v2\/comments?post=475"}],"version-history":[{"count":4,"href":"https:\/\/www.yoga-ac.eu\/cs\/wp-json\/wp\/v2\/posts\/475\/revisions"}],"predecessor-version":[{"id":514,"href":"https:\/\/www.yoga-ac.eu\/cs\/wp-json\/wp\/v2\/posts\/475\/revisions\/514"}],"wp:featuredmedia":[{"embeddable":true,"href":"https:\/\/www.yoga-ac.eu\/cs\/wp-json\/wp\/v2\/media\/476"}],"wp:attachment":[{"href":"https:\/\/www.yoga-ac.eu\/cs\/wp-json\/wp\/v2\/media?parent=475"}],"wp:term":[{"taxonomy":"category","embeddable":true,"href":"https:\/\/www.yoga-ac.eu\/cs\/wp-json\/wp\/v2\/categories?post=475"},{"taxonomy":"post_tag","embeddable":true,"href":"https:\/\/www.yoga-ac.eu\/cs\/wp-json\/wp\/v2\/tags?post=475"}],"curies":[{"name":"wp","href":"https:\/\/api.w.org\/{rel}","templated":true}]}}