{"id":560,"date":"2023-09-26T10:29:23","date_gmt":"2023-09-26T10:29:23","guid":{"rendered":"https:\/\/www.yoga-ac.eu\/?p=560"},"modified":"2023-09-26T10:35:25","modified_gmt":"2023-09-26T10:35:25","slug":"projekt-cvicte-jogu-s-nami-v-ceskych-budejovicich-2023-uspesne-ukoncen","status":"publish","type":"post","link":"https:\/\/www.yoga-ac.eu\/cs\/projekt-cvicte-jogu-s-nami-v-ceskych-budejovicich-2023-uspesne-ukoncen\/","title":{"rendered":"Projekt Cvi\u010dte j\u00f3gu s n\u00e1mi v \u010cesk\u00fdch Bud\u011bjovic\u00edch 2023 \u00faspe\u0161ne ukon\u010den"},"content":{"rendered":"<div class=\"fusion-fullwidth fullwidth-box fusion-builder-row-1 nonhundred-percent-fullwidth non-hundred-percent-height-scrolling\"  style='background-color: rgba(255,255,255,0);background-position: center center;background-repeat: no-repeat;padding-top:0px;padding-right:0px;padding-bottom:0px;padding-left:0px;'><div class=\"fusion-builder-row fusion-row \"><div  class=\"fusion-layout-column fusion_builder_column fusion_builder_column_1_1 fusion-builder-column-0 fusion-one-full fusion-column-first fusion-column-last 1_1\"  style='margin-top:0px;margin-bottom:20px;'><div class=\"fusion-column-wrapper\" style=\"padding: 0px 0px 0px 0px;background-position:left top;background-repeat:no-repeat;-webkit-background-size:cover;-moz-background-size:cover;-o-background-size:cover;background-size:cover;\"   data-bg-url=\"\"><div class=\"fusion-text\"><p>V obdob\u00ed od 18. \u010dervna do 3. z\u00e1\u0159\u00ed 2023 v r\u00e1mci projektu \u201eCvi\u010dte j\u00f3gu s n\u00e1mi v \u010cesk\u00fdch Bud\u011bjovic\u00edch 2023\u201c prob\u00edhaly bezplatn\u00e9 lekce j\u00f3gy ka\u017edou ned\u011bl\u00ed od 18:00 do 19:30 v parku Stromovka. Lekce j\u00f3gy zdarma byly otev\u0159eny v\u0161em ob\u010dan\u016fm \u010cesk\u00fdch Bud\u011bjovic\u00edch.<\/p>\n<p><img loading=\"lazy\" decoding=\"async\" class=\"wp-image-567 aligncenter\" src=\"https:\/\/www.yoga-ac.eu\/wp-content\/uploads\/2023\/09\/2-400x200.jpg\" alt=\"cvicte jogu s nami ceske budejovice\" width=\"470\" height=\"235\" srcset=\"https:\/\/www.yoga-ac.eu\/wp-content\/uploads\/2023\/09\/2-200x100.jpg 200w, https:\/\/www.yoga-ac.eu\/wp-content\/uploads\/2023\/09\/2-300x150.jpg 300w, https:\/\/www.yoga-ac.eu\/wp-content\/uploads\/2023\/09\/2-400x200.jpg 400w, https:\/\/www.yoga-ac.eu\/wp-content\/uploads\/2023\/09\/2-600x300.jpg 600w, https:\/\/www.yoga-ac.eu\/wp-content\/uploads\/2023\/09\/2-768x384.jpg 768w, https:\/\/www.yoga-ac.eu\/wp-content\/uploads\/2023\/09\/2-800x400.jpg 800w, https:\/\/www.yoga-ac.eu\/wp-content\/uploads\/2023\/09\/2-1024x512.jpg 1024w, https:\/\/www.yoga-ac.eu\/wp-content\/uploads\/2023\/09\/2-1200x600.jpg 1200w, https:\/\/www.yoga-ac.eu\/wp-content\/uploads\/2023\/09\/2.jpg 1309w\" sizes=\"auto, (max-width: 470px) 100vw, 470px\" \/><\/p>\n<p>P\u0159\u00ednosem projektu bylo sezn\u00e1men\u00ed se s pozitivn\u00edm vlivem j\u00f3gy jako sportu na zdrav\u00ed \u010dlov\u011bka a to jak na zdrav\u00ed fyzick\u00e9, tak i psychick\u00e9. \u00da\u010dastn\u00edk\u016fm se poskytovala mo\u017enost, jak do sv\u00e9ho denn\u00edho a t\u00fddenn\u00edho rozvrhu aktivit za\u010dlenit lekce j\u00f3gy, aby ji cvi\u010d\u00edc\u00ed vn\u00edmali jako druh rekrea\u010dn\u00edho sportu, kter\u00fd m\u016f\u017eou snadno cvi\u010dit dokonce i \u00fapln\u00ed za\u010d\u00e1te\u010dn\u00edci.<\/p>\n<p>Ve\u0159ejn\u00e9 lekce prob\u011bhl\u00e9 podle\u00a0<a href=\"https:\/\/www.yoga-federation.eu\/cz\/vzdelavaci-program-instruktor-jogy-zapis-probyha\/\">akreditovan\u00e9ho programu Evropsk\u00e9 federace j\u00f3gy<\/a>, a byly vedeny certifikov\u00e1n\u00fdmi instruktory s dlouholet\u00fdmi zku\u0161enostmi.<\/p>\n<div>Tento projekt je spolufinancov\u00e1n Statut\u00e1rn\u00edm m\u011bstem \u010cesk\u00e9 Bud\u011bjovice.<\/div>\n<\/div><div class=\"fusion-text\"><p><img loading=\"lazy\" decoding=\"async\" class=\"aligncenter wp-image-580 size-fusion-600\" src=\"https:\/\/www.yoga-ac.eu\/wp-content\/uploads\/2023\/09\/\u010cB-1-1-600x849.jpg\" alt=\"cvicte jogu s nami ceske budejovice\" width=\"600\" height=\"849\" srcset=\"https:\/\/www.yoga-ac.eu\/wp-content\/uploads\/2023\/09\/\u010cB-1-1-200x283.jpg 200w, https:\/\/www.yoga-ac.eu\/wp-content\/uploads\/2023\/09\/\u010cB-1-1-212x300.jpg 212w, https:\/\/www.yoga-ac.eu\/wp-content\/uploads\/2023\/09\/\u010cB-1-1-400x566.jpg 400w, https:\/\/www.yoga-ac.eu\/wp-content\/uploads\/2023\/09\/\u010cB-1-1-600x849.jpg 600w, https:\/\/www.yoga-ac.eu\/wp-content\/uploads\/2023\/09\/\u010cB-1-1-724x1024.jpg 724w, https:\/\/www.yoga-ac.eu\/wp-content\/uploads\/2023\/09\/\u010cB-1-1-768x1086.jpg 768w, https:\/\/www.yoga-ac.eu\/wp-content\/uploads\/2023\/09\/\u010cB-1-1-800x1132.jpg 800w, https:\/\/www.yoga-ac.eu\/wp-content\/uploads\/2023\/09\/\u010cB-1-1-1086x1536.jpg 1086w, https:\/\/www.yoga-ac.eu\/wp-content\/uploads\/2023\/09\/\u010cB-1-1-1200x1697.jpg 1200w, https:\/\/www.yoga-ac.eu\/wp-content\/uploads\/2023\/09\/\u010cB-1-1.jpg 1240w\" sizes=\"auto, (max-width: 600px) 100vw, 600px\" \/><\/p>\n<\/div><div class=\"fusion-clearfix\"><\/div><\/div><\/div><\/div><\/div><style type=\"text\/css\">.fusion-fullwidth.fusion-builder-row-1 a:not(.fusion-button):not(.fusion-builder-module-control):not(.fusion-social-network-icon):not(.fb-icon-element):not(.fusion-countdown-link):not(.fusion-rollover-link):not(.fusion-rollover-gallery):not(.fusion-button-bar):not(.add_to_cart_button):not(.show_details_button):not(.product_type_external):not(.fusion-quick-view):not(.fusion-rollover-title-link):not(.fusion-breadcrumb-link) , .fusion-fullwidth.fusion-builder-row-1 a:not(.fusion-button):not(.fusion-builder-module-control):not(.fusion-social-network-icon):not(.fb-icon-element):not(.fusion-countdown-link):not(.fusion-rollover-link):not(.fusion-rollover-gallery):not(.fusion-button-bar):not(.add_to_cart_button):not(.show_details_button):not(.product_type_external):not(.fusion-quick-view):not(.fusion-rollover-title-link):not(.fusion-breadcrumb-link):before, .fusion-fullwidth.fusion-builder-row-1 a:not(.fusion-button):not(.fusion-builder-module-control):not(.fusion-social-network-icon):not(.fb-icon-element):not(.fusion-countdown-link):not(.fusion-rollover-link):not(.fusion-rollover-gallery):not(.fusion-button-bar):not(.add_to_cart_button):not(.show_details_button):not(.product_type_external):not(.fusion-quick-view):not(.fusion-rollover-title-link):not(.fusion-breadcrumb-link):after {color: #2901ba;}.fusion-fullwidth.fusion-builder-row-1 a:not(.fusion-button):not(.fusion-builder-module-control):not(.fusion-social-network-icon):not(.fb-icon-element):not(.fusion-countdown-link):not(.fusion-rollover-link):not(.fusion-rollover-gallery):not(.fusion-button-bar):not(.add_to_cart_button):not(.show_details_button):not(.product_type_external):not(.fusion-quick-view):not(.fusion-rollover-title-link):not(.fusion-breadcrumb-link):hover, .fusion-fullwidth.fusion-builder-row-1 a:not(.fusion-button):not(.fusion-builder-module-control):not(.fusion-social-network-icon):not(.fb-icon-element):not(.fusion-countdown-link):not(.fusion-rollover-link):not(.fusion-rollover-gallery):not(.fusion-button-bar):not(.add_to_cart_button):not(.show_details_button):not(.product_type_external):not(.fusion-quick-view):not(.fusion-rollover-title-link):not(.fusion-breadcrumb-link):hover:before, .fusion-fullwidth.fusion-builder-row-1 a:not(.fusion-button):not(.fusion-builder-module-control):not(.fusion-social-network-icon):not(.fb-icon-element):not(.fusion-countdown-link):not(.fusion-rollover-link):not(.fusion-rollover-gallery):not(.fusion-button-bar):not(.add_to_cart_button):not(.show_details_button):not(.product_type_external):not(.fusion-quick-view):not(.fusion-rollover-title-link):not(.fusion-breadcrumb-link):hover:after {color: #72188f;}.fusion-fullwidth.fusion-builder-row-1 .pagination a.inactive:hover, .fusion-fullwidth.fusion-builder-row-1 .fusion-filters .fusion-filter.fusion-active a {border-color: #72188f;}.fusion-fullwidth.fusion-builder-row-1 .pagination .current {border-color: #72188f; background-color: #72188f;}.fusion-fullwidth.fusion-builder-row-1 .fusion-filters .fusion-filter.fusion-active a, .fusion-fullwidth.fusion-builder-row-1 .fusion-date-and-formats .fusion-format-box, .fusion-fullwidth.fusion-builder-row-1 .fusion-popover, .fusion-fullwidth.fusion-builder-row-1 .tooltip-shortcode {color: #72188f;}#main .fusion-fullwidth.fusion-builder-row-1 .post .blog-shortcode-post-title a:hover {color: #72188f;}<\/style>\n","protected":false},"excerpt":{"rendered":"","protected":false},"author":1,"featured_media":567,"comment_status":"open","ping_status":"open","sticky":false,"template":"","format":"standard","meta":{"footnotes":""},"categories":[12],"tags":[],"class_list":["post-560","post","type-post","status-publish","format-standard","has-post-thumbnail","hentry","category-lekce-jogy-zdarma"],"yoast_head":"<!-- This site is optimized with the Yoast SEO plugin v27.4 - https:\/\/yoast.com\/product\/yoast-seo-wordpress\/ -->\n<title>Projekt Cvi\u010dte j\u00f3gu s n\u00e1mi v \u010cesk\u00fdch Bud\u011bjovic\u00edch 2023 \u00faspe\u0161ne ukon\u010den - yoga-ac.eu<\/title>\n<meta name=\"robots\" content=\"index, follow, max-snippet:-1, max-image-preview:large, max-video-preview:-1\" \/>\n<link rel=\"canonical\" href=\"https:\/\/www.yoga-ac.eu\/cs\/projekt-cvicte-jogu-s-nami-v-ceskych-budejovicich-2023-uspesne-ukoncen\/\" \/>\n<meta property=\"og:locale\" content=\"cs_CZ\" \/>\n<meta property=\"og:type\" content=\"article\" \/>\n<meta property=\"og:title\" content=\"Projekt Cvi\u010dte j\u00f3gu s n\u00e1mi v \u010cesk\u00fdch Bud\u011bjovic\u00edch 2023 \u00faspe\u0161ne ukon\u010den - yoga-ac.eu\" \/>\n<meta property=\"og:url\" content=\"https:\/\/www.yoga-ac.eu\/cs\/projekt-cvicte-jogu-s-nami-v-ceskych-budejovicich-2023-uspesne-ukoncen\/\" \/>\n<meta property=\"og:site_name\" content=\"yoga-ac.eu\" \/>\n<meta property=\"article:published_time\" content=\"2023-09-26T10:29:23+00:00\" \/>\n<meta property=\"article:modified_time\" content=\"2023-09-26T10:35:25+00:00\" \/>\n<meta property=\"og:image\" content=\"https:\/\/www.yoga-ac.eu\/wp-content\/uploads\/2023\/09\/2.jpg\" \/>\n\t<meta property=\"og:image:width\" content=\"1309\" \/>\n\t<meta property=\"og:image:height\" content=\"655\" \/>\n\t<meta property=\"og:image:type\" content=\"image\/jpeg\" \/>\n<meta name=\"author\" content=\"yogaaceu\" \/>\n<meta name=\"twitter:card\" content=\"summary_large_image\" \/>\n<meta name=\"twitter:label1\" content=\"Napsal(a)\" \/>\n\t<meta name=\"twitter:data1\" content=\"yogaaceu\" \/>\n\t<meta name=\"twitter:label2\" content=\"Odhadovan\u00e1 doba \u010dten\u00ed\" \/>\n\t<meta name=\"twitter:data2\" content=\"3 minuty\" \/>\n<script type=\"application\/ld+json\" class=\"yoast-schema-graph\">{\"@context\":\"https:\\\/\\\/schema.org\",\"@graph\":[{\"@type\":\"Article\",\"@id\":\"https:\\\/\\\/www.yoga-ac.eu\\\/cs\\\/projekt-cvicte-jogu-s-nami-v-ceskych-budejovicich-2023-uspesne-ukoncen\\\/#article\",\"isPartOf\":{\"@id\":\"https:\\\/\\\/www.yoga-ac.eu\\\/cs\\\/projekt-cvicte-jogu-s-nami-v-ceskych-budejovicich-2023-uspesne-ukoncen\\\/\"},\"author\":{\"name\":\"yogaaceu\",\"@id\":\"https:\\\/\\\/www.yoga-ac.eu\\\/#\\\/schema\\\/person\\\/0218a3c367fb2a12627bfdee0dc88402\"},\"headline\":\"Projekt Cvi\u010dte j\u00f3gu s n\u00e1mi v \u010cesk\u00fdch Bud\u011bjovic\u00edch 2023 \u00faspe\u0161ne ukon\u010den\",\"datePublished\":\"2023-09-26T10:29:23+00:00\",\"dateModified\":\"2023-09-26T10:35:25+00:00\",\"mainEntityOfPage\":{\"@id\":\"https:\\\/\\\/www.yoga-ac.eu\\\/cs\\\/projekt-cvicte-jogu-s-nami-v-ceskych-budejovicich-2023-uspesne-ukoncen\\\/\"},\"wordCount\":600,\"commentCount\":0,\"image\":{\"@id\":\"https:\\\/\\\/www.yoga-ac.eu\\\/cs\\\/projekt-cvicte-jogu-s-nami-v-ceskych-budejovicich-2023-uspesne-ukoncen\\\/#primaryimage\"},\"thumbnailUrl\":\"https:\\\/\\\/www.yoga-ac.eu\\\/wp-content\\\/uploads\\\/2023\\\/09\\\/2.jpg\",\"articleSection\":[\"Lekce j\u00f3gy zdarma\"],\"inLanguage\":\"cs\",\"potentialAction\":[{\"@type\":\"CommentAction\",\"name\":\"Comment\",\"target\":[\"https:\\\/\\\/www.yoga-ac.eu\\\/cs\\\/projekt-cvicte-jogu-s-nami-v-ceskych-budejovicich-2023-uspesne-ukoncen\\\/#respond\"]}]},{\"@type\":\"WebPage\",\"@id\":\"https:\\\/\\\/www.yoga-ac.eu\\\/cs\\\/projekt-cvicte-jogu-s-nami-v-ceskych-budejovicich-2023-uspesne-ukoncen\\\/\",\"url\":\"https:\\\/\\\/www.yoga-ac.eu\\\/cs\\\/projekt-cvicte-jogu-s-nami-v-ceskych-budejovicich-2023-uspesne-ukoncen\\\/\",\"name\":\"Projekt Cvi\u010dte j\u00f3gu s n\u00e1mi v \u010cesk\u00fdch Bud\u011bjovic\u00edch 2023 \u00faspe\u0161ne ukon\u010den - yoga-ac.eu\",\"isPartOf\":{\"@id\":\"https:\\\/\\\/www.yoga-ac.eu\\\/#website\"},\"primaryImageOfPage\":{\"@id\":\"https:\\\/\\\/www.yoga-ac.eu\\\/cs\\\/projekt-cvicte-jogu-s-nami-v-ceskych-budejovicich-2023-uspesne-ukoncen\\\/#primaryimage\"},\"image\":{\"@id\":\"https:\\\/\\\/www.yoga-ac.eu\\\/cs\\\/projekt-cvicte-jogu-s-nami-v-ceskych-budejovicich-2023-uspesne-ukoncen\\\/#primaryimage\"},\"thumbnailUrl\":\"https:\\\/\\\/www.yoga-ac.eu\\\/wp-content\\\/uploads\\\/2023\\\/09\\\/2.jpg\",\"datePublished\":\"2023-09-26T10:29:23+00:00\",\"dateModified\":\"2023-09-26T10:35:25+00:00\",\"author\":{\"@id\":\"https:\\\/\\\/www.yoga-ac.eu\\\/#\\\/schema\\\/person\\\/0218a3c367fb2a12627bfdee0dc88402\"},\"breadcrumb\":{\"@id\":\"https:\\\/\\\/www.yoga-ac.eu\\\/cs\\\/projekt-cvicte-jogu-s-nami-v-ceskych-budejovicich-2023-uspesne-ukoncen\\\/#breadcrumb\"},\"inLanguage\":\"cs\",\"potentialAction\":[{\"@type\":\"ReadAction\",\"target\":[\"https:\\\/\\\/www.yoga-ac.eu\\\/cs\\\/projekt-cvicte-jogu-s-nami-v-ceskych-budejovicich-2023-uspesne-ukoncen\\\/\"]}]},{\"@type\":\"ImageObject\",\"inLanguage\":\"cs\",\"@id\":\"https:\\\/\\\/www.yoga-ac.eu\\\/cs\\\/projekt-cvicte-jogu-s-nami-v-ceskych-budejovicich-2023-uspesne-ukoncen\\\/#primaryimage\",\"url\":\"https:\\\/\\\/www.yoga-ac.eu\\\/wp-content\\\/uploads\\\/2023\\\/09\\\/2.jpg\",\"contentUrl\":\"https:\\\/\\\/www.yoga-ac.eu\\\/wp-content\\\/uploads\\\/2023\\\/09\\\/2.jpg\",\"width\":1309,\"height\":655,\"caption\":\"cvicte jogu s nami ceske budejovice\"},{\"@type\":\"BreadcrumbList\",\"@id\":\"https:\\\/\\\/www.yoga-ac.eu\\\/cs\\\/projekt-cvicte-jogu-s-nami-v-ceskych-budejovicich-2023-uspesne-ukoncen\\\/#breadcrumb\",\"itemListElement\":[{\"@type\":\"ListItem\",\"position\":1,\"name\":\"Home\",\"item\":\"https:\\\/\\\/www.yoga-ac.eu\\\/cs\\\/\"},{\"@type\":\"ListItem\",\"position\":2,\"name\":\"Projekt Cvi\u010dte j\u00f3gu s n\u00e1mi v \u010cesk\u00fdch Bud\u011bjovic\u00edch 2023 \u00faspe\u0161ne ukon\u010den\"}]},{\"@type\":\"WebSite\",\"@id\":\"https:\\\/\\\/www.yoga-ac.eu\\\/#website\",\"url\":\"https:\\\/\\\/www.yoga-ac.eu\\\/\",\"name\":\"yoga-ac.eu\",\"description\":\"Yoga Teacher Training &amp; Yoga Retreats\",\"potentialAction\":[{\"@type\":\"SearchAction\",\"target\":{\"@type\":\"EntryPoint\",\"urlTemplate\":\"https:\\\/\\\/www.yoga-ac.eu\\\/?s={search_term_string}\"},\"query-input\":{\"@type\":\"PropertyValueSpecification\",\"valueRequired\":true,\"valueName\":\"search_term_string\"}}],\"inLanguage\":\"cs\"},{\"@type\":\"Person\",\"@id\":\"https:\\\/\\\/www.yoga-ac.eu\\\/#\\\/schema\\\/person\\\/0218a3c367fb2a12627bfdee0dc88402\",\"name\":\"yogaaceu\",\"image\":{\"@type\":\"ImageObject\",\"inLanguage\":\"cs\",\"@id\":\"https:\\\/\\\/secure.gravatar.com\\\/avatar\\\/4e4ffb214af039f2bfbefd387926d1c66657da92ce3a47d46690312facca576a?s=96&d=mm&r=g\",\"url\":\"https:\\\/\\\/secure.gravatar.com\\\/avatar\\\/4e4ffb214af039f2bfbefd387926d1c66657da92ce3a47d46690312facca576a?s=96&d=mm&r=g\",\"contentUrl\":\"https:\\\/\\\/secure.gravatar.com\\\/avatar\\\/4e4ffb214af039f2bfbefd387926d1c66657da92ce3a47d46690312facca576a?s=96&d=mm&r=g\",\"caption\":\"yogaaceu\"},\"url\":\"https:\\\/\\\/www.yoga-ac.eu\\\/cs\\\/author\\\/yogaaceu\\\/\"}]}<\/script>\n<!-- \/ Yoast SEO plugin. -->","yoast_head_json":{"title":"Projekt Cvi\u010dte j\u00f3gu s n\u00e1mi v \u010cesk\u00fdch Bud\u011bjovic\u00edch 2023 \u00faspe\u0161ne ukon\u010den - yoga-ac.eu","robots":{"index":"index","follow":"follow","max-snippet":"max-snippet:-1","max-image-preview":"max-image-preview:large","max-video-preview":"max-video-preview:-1"},"canonical":"https:\/\/www.yoga-ac.eu\/cs\/projekt-cvicte-jogu-s-nami-v-ceskych-budejovicich-2023-uspesne-ukoncen\/","og_locale":"cs_CZ","og_type":"article","og_title":"Projekt Cvi\u010dte j\u00f3gu s n\u00e1mi v \u010cesk\u00fdch Bud\u011bjovic\u00edch 2023 \u00faspe\u0161ne ukon\u010den - yoga-ac.eu","og_url":"https:\/\/www.yoga-ac.eu\/cs\/projekt-cvicte-jogu-s-nami-v-ceskych-budejovicich-2023-uspesne-ukoncen\/","og_site_name":"yoga-ac.eu","article_published_time":"2023-09-26T10:29:23+00:00","article_modified_time":"2023-09-26T10:35:25+00:00","og_image":[{"width":1309,"height":655,"url":"https:\/\/www.yoga-ac.eu\/wp-content\/uploads\/2023\/09\/2.jpg","type":"image\/jpeg"}],"author":"yogaaceu","twitter_card":"summary_large_image","twitter_misc":{"Napsal(a)":"yogaaceu","Odhadovan\u00e1 doba \u010dten\u00ed":"3 minuty"},"schema":{"@context":"https:\/\/schema.org","@graph":[{"@type":"Article","@id":"https:\/\/www.yoga-ac.eu\/cs\/projekt-cvicte-jogu-s-nami-v-ceskych-budejovicich-2023-uspesne-ukoncen\/#article","isPartOf":{"@id":"https:\/\/www.yoga-ac.eu\/cs\/projekt-cvicte-jogu-s-nami-v-ceskych-budejovicich-2023-uspesne-ukoncen\/"},"author":{"name":"yogaaceu","@id":"https:\/\/www.yoga-ac.eu\/#\/schema\/person\/0218a3c367fb2a12627bfdee0dc88402"},"headline":"Projekt Cvi\u010dte j\u00f3gu s n\u00e1mi v \u010cesk\u00fdch Bud\u011bjovic\u00edch 2023 \u00faspe\u0161ne ukon\u010den","datePublished":"2023-09-26T10:29:23+00:00","dateModified":"2023-09-26T10:35:25+00:00","mainEntityOfPage":{"@id":"https:\/\/www.yoga-ac.eu\/cs\/projekt-cvicte-jogu-s-nami-v-ceskych-budejovicich-2023-uspesne-ukoncen\/"},"wordCount":600,"commentCount":0,"image":{"@id":"https:\/\/www.yoga-ac.eu\/cs\/projekt-cvicte-jogu-s-nami-v-ceskych-budejovicich-2023-uspesne-ukoncen\/#primaryimage"},"thumbnailUrl":"https:\/\/www.yoga-ac.eu\/wp-content\/uploads\/2023\/09\/2.jpg","articleSection":["Lekce j\u00f3gy zdarma"],"inLanguage":"cs","potentialAction":[{"@type":"CommentAction","name":"Comment","target":["https:\/\/www.yoga-ac.eu\/cs\/projekt-cvicte-jogu-s-nami-v-ceskych-budejovicich-2023-uspesne-ukoncen\/#respond"]}]},{"@type":"WebPage","@id":"https:\/\/www.yoga-ac.eu\/cs\/projekt-cvicte-jogu-s-nami-v-ceskych-budejovicich-2023-uspesne-ukoncen\/","url":"https:\/\/www.yoga-ac.eu\/cs\/projekt-cvicte-jogu-s-nami-v-ceskych-budejovicich-2023-uspesne-ukoncen\/","name":"Projekt Cvi\u010dte j\u00f3gu s n\u00e1mi v \u010cesk\u00fdch Bud\u011bjovic\u00edch 2023 \u00faspe\u0161ne ukon\u010den - yoga-ac.eu","isPartOf":{"@id":"https:\/\/www.yoga-ac.eu\/#website"},"primaryImageOfPage":{"@id":"https:\/\/www.yoga-ac.eu\/cs\/projekt-cvicte-jogu-s-nami-v-ceskych-budejovicich-2023-uspesne-ukoncen\/#primaryimage"},"image":{"@id":"https:\/\/www.yoga-ac.eu\/cs\/projekt-cvicte-jogu-s-nami-v-ceskych-budejovicich-2023-uspesne-ukoncen\/#primaryimage"},"thumbnailUrl":"https:\/\/www.yoga-ac.eu\/wp-content\/uploads\/2023\/09\/2.jpg","datePublished":"2023-09-26T10:29:23+00:00","dateModified":"2023-09-26T10:35:25+00:00","author":{"@id":"https:\/\/www.yoga-ac.eu\/#\/schema\/person\/0218a3c367fb2a12627bfdee0dc88402"},"breadcrumb":{"@id":"https:\/\/www.yoga-ac.eu\/cs\/projekt-cvicte-jogu-s-nami-v-ceskych-budejovicich-2023-uspesne-ukoncen\/#breadcrumb"},"inLanguage":"cs","potentialAction":[{"@type":"ReadAction","target":["https:\/\/www.yoga-ac.eu\/cs\/projekt-cvicte-jogu-s-nami-v-ceskych-budejovicich-2023-uspesne-ukoncen\/"]}]},{"@type":"ImageObject","inLanguage":"cs","@id":"https:\/\/www.yoga-ac.eu\/cs\/projekt-cvicte-jogu-s-nami-v-ceskych-budejovicich-2023-uspesne-ukoncen\/#primaryimage","url":"https:\/\/www.yoga-ac.eu\/wp-content\/uploads\/2023\/09\/2.jpg","contentUrl":"https:\/\/www.yoga-ac.eu\/wp-content\/uploads\/2023\/09\/2.jpg","width":1309,"height":655,"caption":"cvicte jogu s nami ceske budejovice"},{"@type":"BreadcrumbList","@id":"https:\/\/www.yoga-ac.eu\/cs\/projekt-cvicte-jogu-s-nami-v-ceskych-budejovicich-2023-uspesne-ukoncen\/#breadcrumb","itemListElement":[{"@type":"ListItem","position":1,"name":"Home","item":"https:\/\/www.yoga-ac.eu\/cs\/"},{"@type":"ListItem","position":2,"name":"Projekt Cvi\u010dte j\u00f3gu s n\u00e1mi v \u010cesk\u00fdch Bud\u011bjovic\u00edch 2023 \u00faspe\u0161ne ukon\u010den"}]},{"@type":"WebSite","@id":"https:\/\/www.yoga-ac.eu\/#website","url":"https:\/\/www.yoga-ac.eu\/","name":"yoga-ac.eu","description":"Yoga Teacher Training &amp; Yoga Retreats","potentialAction":[{"@type":"SearchAction","target":{"@type":"EntryPoint","urlTemplate":"https:\/\/www.yoga-ac.eu\/?s={search_term_string}"},"query-input":{"@type":"PropertyValueSpecification","valueRequired":true,"valueName":"search_term_string"}}],"inLanguage":"cs"},{"@type":"Person","@id":"https:\/\/www.yoga-ac.eu\/#\/schema\/person\/0218a3c367fb2a12627bfdee0dc88402","name":"yogaaceu","image":{"@type":"ImageObject","inLanguage":"cs","@id":"https:\/\/secure.gravatar.com\/avatar\/4e4ffb214af039f2bfbefd387926d1c66657da92ce3a47d46690312facca576a?s=96&d=mm&r=g","url":"https:\/\/secure.gravatar.com\/avatar\/4e4ffb214af039f2bfbefd387926d1c66657da92ce3a47d46690312facca576a?s=96&d=mm&r=g","contentUrl":"https:\/\/secure.gravatar.com\/avatar\/4e4ffb214af039f2bfbefd387926d1c66657da92ce3a47d46690312facca576a?s=96&d=mm&r=g","caption":"yogaaceu"},"url":"https:\/\/www.yoga-ac.eu\/cs\/author\/yogaaceu\/"}]}},"_links":{"self":[{"href":"https:\/\/www.yoga-ac.eu\/cs\/wp-json\/wp\/v2\/posts\/560","targetHints":{"allow":["GET"]}}],"collection":[{"href":"https:\/\/www.yoga-ac.eu\/cs\/wp-json\/wp\/v2\/posts"}],"about":[{"href":"https:\/\/www.yoga-ac.eu\/cs\/wp-json\/wp\/v2\/types\/post"}],"author":[{"embeddable":true,"href":"https:\/\/www.yoga-ac.eu\/cs\/wp-json\/wp\/v2\/users\/1"}],"replies":[{"embeddable":true,"href":"https:\/\/www.yoga-ac.eu\/cs\/wp-json\/wp\/v2\/comments?post=560"}],"version-history":[{"count":2,"href":"https:\/\/www.yoga-ac.eu\/cs\/wp-json\/wp\/v2\/posts\/560\/revisions"}],"predecessor-version":[{"id":586,"href":"https:\/\/www.yoga-ac.eu\/cs\/wp-json\/wp\/v2\/posts\/560\/revisions\/586"}],"wp:featuredmedia":[{"embeddable":true,"href":"https:\/\/www.yoga-ac.eu\/cs\/wp-json\/wp\/v2\/media\/567"}],"wp:attachment":[{"href":"https:\/\/www.yoga-ac.eu\/cs\/wp-json\/wp\/v2\/media?parent=560"}],"wp:term":[{"taxonomy":"category","embeddable":true,"href":"https:\/\/www.yoga-ac.eu\/cs\/wp-json\/wp\/v2\/categories?post=560"},{"taxonomy":"post_tag","embeddable":true,"href":"https:\/\/www.yoga-ac.eu\/cs\/wp-json\/wp\/v2\/tags?post=560"}],"curies":[{"name":"wp","href":"https:\/\/api.w.org\/{rel}","templated":true}]}}